{"id":4867,"date":"2025-02-15T17:59:19","date_gmt":"2025-02-15T17:59:19","guid":{"rendered":"https:\/\/desteko.com\/mer\/?p=4867"},"modified":"2026-03-10T03:08:52","modified_gmt":"2026-03-10T03:08:52","slug":"dogru-soyleyeni-mi-depresif-hissedeni-mi-dokuz-koyden-kovuyorlar","status":"publish","type":"post","link":"https:\/\/denizcimerve.com\/tr_tr\/dogru-soyleyeni-mi-depresif-hissedeni-mi-dokuz-koyden-kovuyorlar\/","title":{"rendered":"DO\u011eRU S\u00d6YLEYEN\u0130 M\u0130 DEPRES\u0130F H\u0130SSEDEN\u0130 M\u0130 DOKUZ K\u00d6YDEN KOVUYORLAR?"},"content":{"rendered":"\n<p id=\"viewer-1v5cj\">2021 y\u0131l\u0131nda, hen\u00fcz pandemi yakam\u0131zdan d\u00fc\u015fmemi\u015fken, The New York Times\u2019da bir makalede yay\u0131mland\u0131. Bu makalede son zamanlarda insanlar aras\u0131nda s\u0131kl\u0131kla ya\u015fanan yeni bir <em>hal<\/em>den s\u00f6z ediliyordu. \u201cLanguishing\u201d diye isimlendirilen bu yayg\u0131n hal ne tam bir t\u00fckenmi\u015flik ne tam bir depresyon, fakat bir \u015fekilde keyifsiz ve ama\u00e7s\u0131z hissetmek \u015feklinde tan\u0131mlan\u0131yordu. Bug\u00fcn Cambridge S\u00f6zl\u00fck bu kelimeyi \u201cuzun bir s\u00fcre boyunca ho\u015f olmayan veya istenmeyen bir durumda var olmak (to exist in an unpleasant or unwanted situation, often for a long time)\u201d olarak, Merriam-Webster S\u00f6zl\u00fc\u011f\u00fc ise \u201cdepresif konumda ya\u015famak veya ki\u015finin canl\u0131l\u0131\u011f\u0131n\u0131n azald\u0131\u011f\u0131 bir olu\u015f hali (to be or live in a state of depression or decreasing vitality)\u201d ifadeleriyle a\u00e7\u0131kl\u0131yor. Dilimizde hen\u00fcz tam bir kar\u015f\u0131l\u0131\u011f\u0131 olmasa da, baz\u0131 kaynaklarda \u201cbayg\u0131nl\u0131k, durgunluk, tad\u0131n\u0131n olmamas\u0131\u201d gibi ifade ediliyor. Esasen bu s\u00f6zc\u00fck hayata kar\u015f\u0131 <em>yavan<\/em> hissetme halimizi anlat\u0131yor.<\/p>\n\n\n\n<p id=\"viewer-1v5cj\">Vinterberg\u2019in y\u00f6netti\u011fi Druk\/Another Round (2020) filminde bu yavan hissetme hali olduk\u00e7a iyi anlat\u0131lmaktad\u0131r. Film bu kavram\u0131n tam tersi olan bir canl\u0131l\u0131k halinin temsili ile ba\u015flar. \u0130lk sahnede, d\u00fczenledikleri alkol yar\u0131\u015fmas\u0131nda tasas\u0131zca etrafta ko\u015fturan lise \u00f6\u011frencilerini g\u00f6r\u00fcr\u00fcz. \u00c7ok ge\u00e7meden bu \u00f6\u011frencilerin gittikleri lisede \u00f6\u011fretmenlik yapan Martin, Nikolaj, Peter ve Tommy\u2019nin derslerde ne kadar ilgisiz olduklar\u0131n\u0131 izleriz. \u00d6zellikle, tarih \u00f6\u011fretmeni olan Martin derslerindeki performans\u0131 sebebiyle hem \u00f6\u011frencilerden hem velilerden olumsuz geri bildirimler al\u0131r. Martin\u2019in iki \u00e7ocu\u011fu ve e\u015fiyle birlikte oldu\u011fu ak\u015fam yeme\u011fi sahnesinden de hayata olan i\u015ftahs\u0131zl\u0131\u011f\u0131n\u0131 hemen anlar\u0131z. Martin s\u00fcrekli n\u00f6bete giden ve aralar\u0131ndaki ileti\u015fimin zay\u0131f oldu\u011funu anlad\u0131\u011f\u0131m\u0131z e\u015fi Anika\u2019ya \u201cBen s\u0131k\u0131c\u0131 biri mi oldum?\u201d diye sorar. Ve e\u015finden rahatlat\u0131c\u0131 bir cevap alamaz. <\/p>\n\n\n\n<p id=\"viewer-1v5cj\">Martin ve arkada\u015flar\u0131n\u0131n Nikolaj\u2019\u0131n ya\u015f g\u00fcn\u00fcn\u00fc kutlamak i\u00e7in bulu\u015ftuklar\u0131 bir ak\u015fam yeme\u011finde ortaya at\u0131lan bir konu her \u015feyi de\u011fi\u015ftirir. Nikolaj insanlar\u0131n kan\u0131ndaki alkol oran\u0131n\u0131n olmas\u0131 gerekenden %0,05 daha az oldu\u011funu ve ki\u015finin bu seviyeyi sa\u011flad\u0131\u011f\u0131nda daha rahat, \u00f6zg\u00fcvenli ve ne\u015feli oldu\u011funu s\u00f6yleyen bir teoriden bahseder. Bunu deneyen Martin\u2019in ortaya \u00e7\u0131kan yarat\u0131c\u0131, ileti\u015fim kurmaya ve haz almaya istekli hali hem evde hem \u00f6\u011frencileriyle ili\u015fkisinde fark edilir. Ard\u0131ndan arkada\u015f grubunun di\u011fer \u00fcyeleriyle birlikte alkol\u00fcn etkilerini test ettikleri bu deney \u00e7\u0131\u011f\u0131r\u0131ndan \u00e7\u0131kar ve bir dizi olay geli\u015fir. Filmin son sahnesinde Mads Mikkelsen yani Martin <em>What a Life<\/em>\u00a0\u015fark\u0131s\u0131 e\u015fli\u011finde dans ederek g\u00f6nl\u00fcm\u00fcze taht kurar. Filmin ba\u015f\u0131ndaki tats\u0131z tuzsuz Martin yerine ayn\u0131 anda hem arkada\u015f\u0131n\u0131 kaybetmenin h\u00fczn\u00fcn\u00fc ya\u015fayan hem \u00f6\u011frencilerinin mezuniyet sevincine ortak olan Martin\u2019i g\u00f6r\u00fcr\u00fcz. Herhangi bir terapiye gitmeyen Martin\u2019e ne olmu\u015ftur da bir saat elli yedi dakikan\u0131n sonunda ba\u015fka bir adam izleriz?<\/p>\n\n\n\n<p id=\"viewer-mkkdb70\">Hep co\u015fkulu olan insan\u0131n neleri onar\u0131p geri almak istedi\u011fini ya da nelerin i\u00e7 d\u00fcnyas\u0131nda ona pahal\u0131ya mal oldu\u011funu fark etmesi kolay olmayabilir. Hi\u00e7 k\u00f6t\u00fc hissetmememizi ve en iyi versiyonumuza ula\u015fmam\u0131z\u0131 sal\u0131k veren yeni medyan\u0131n aksine, biraz depresif hissetmek bizim i\u00e7in \u00f6nemli olan \u015feyleri ve devam etmeyi istemedi\u011fimiz yollar\u0131 anlamak i\u00e7in k\u0131ymetli bir ara\u00e7 olabilir. Bu durma hali eylemle d\u00fc\u015f\u00fcncelerimizin aras\u0131n\u0131 biraz a\u00e7arak bizi ne ya\u015fad\u0131\u011f\u0131m\u0131z\u0131 anlamland\u0131rmaya yakla\u015ft\u0131r\u0131r. Kendimize soraca\u011f\u0131m\u0131z sorular i\u00e7in alan a\u00e7\u0131l\u0131r. Depresif hissetmek \u00e7o\u011fumuza dipte ya da sonda oldu\u011fumu \u00e7a\u011fr\u0131\u015ft\u0131rsa da, asl\u0131nda ayn\u0131 zamanda i\u00e7inde ba\u015flang\u0131\u00e7lar\u0131 da bar\u0131nd\u0131r\u0131r. Kendimize kar\u015f\u0131 yeterince d\u00fcr\u00fcst oldu\u011fumuzda, <em>ki bunu yapmak kolay olmad\u0131\u011f\u0131ndan biz terapistler buraday\u0131z<\/em>, nas\u0131l da falanca ili\u015fkide h\u00e2l\u00e2 oldu\u011fumuz, ah o y\u00f6neticiye yine nas\u0131l da ayn\u0131 \u015fekilde tepki verdi\u011fimiz, hele bir de nas\u0131l ailedeki y\u00fck\u00fc \u00e7eken ki\u015fi oldu\u011fumuz ya da \u015fa\u015fmaz bir \u015fekilde her t\u00fcrl\u00fc k\u0131ymet bilmeyen insan\u0131n nas\u0131l da gelip bizi buldu\u011fu gibi sorular\u0131n cevaplar\u0131n\u0131n bizimle ilgili taraflar\u0131n\u0131 g\u00f6rmeye ba\u015flayabiliriz. &nbsp;<\/p>\n","protected":false},"excerpt":{"rendered":"<p>2021 y\u0131l\u0131nda, hen\u00fcz pandemi yakam\u0131zdan d\u00fc\u015fmemi\u015fken, The New York Times\u2019da bir makalede yay\u0131mland\u0131. Bu makalede son zamanlarda insanlar aras\u0131nda s\u0131kl\u0131kla ya\u015fanan yeni bir halden s\u00f6z ediliyordu. \u201cLanguishing\u201d diye isimlendirilen bu yayg\u0131n hal ne tam bir t\u00fckenmi\u015flik ne tam bir depresyon, fakat bir \u015fekilde keyifsiz ve ama\u00e7s\u0131z hissetmek \u015feklinde tan\u0131mlan\u0131yordu. Bug\u00fcn Cambridge S\u00f6zl\u00fck bu kelimeyi \u201cuzun [&hellip;]<\/p>\n","protected":false},"author":1,"featured_media":4868,"comment_status":"open","ping_status":"open","sticky":false,"template":"","format":"standard","meta":{"footnotes":""},"categories":[27],"tags":[56,38,57],"class_list":["post-4867","post","type-post","status-publish","format-standard","has-post-thumbnail","hentry","category-yazilar","tag-another-round","tag-film-analizi","tag-languishing"],"yoast_head":"<!-- This site is optimized with the Yoast SEO plugin v24.9 - https:\/\/yoast.com\/wordpress\/plugins\/seo\/ -->\n<title>DO\u011eRU S\u00d6YLEYEN\u0130 M\u0130 DEPRES\u0130F H\u0130SSEDEN\u0130 M\u0130 DOKUZ K\u00d6YDEN KOVUYORLAR? - Merve Denizci Nazl\u0131g\u00fcl<\/title>\n<meta name=\"robots\" content=\"index, follow, max-snippet:-1, max-image-preview:large, max-video-preview:-1\" \/>\n<link rel=\"canonical\" href=\"https:\/\/denizcimerve.com\/tr_tr\/dogru-soyleyeni-mi-depresif-hissedeni-mi-dokuz-koyden-kovuyorlar\/\" \/>\n<meta property=\"og:locale\" content=\"tr_TR\" \/>\n<meta property=\"og:type\" content=\"article\" \/>\n<meta property=\"og:title\" content=\"DO\u011eRU S\u00d6YLEYEN\u0130 M\u0130 DEPRES\u0130F H\u0130SSEDEN\u0130 M\u0130 DOKUZ K\u00d6YDEN KOVUYORLAR? - Merve Denizci Nazl\u0131g\u00fcl\" \/>\n<meta property=\"og:description\" content=\"2021 y\u0131l\u0131nda, hen\u00fcz pandemi yakam\u0131zdan d\u00fc\u015fmemi\u015fken, The New York Times\u2019da bir makalede yay\u0131mland\u0131. Bu makalede son zamanlarda insanlar aras\u0131nda s\u0131kl\u0131kla ya\u015fanan yeni bir halden s\u00f6z ediliyordu. \u201cLanguishing\u201d diye isimlendirilen bu yayg\u0131n hal ne tam bir t\u00fckenmi\u015flik ne tam bir depresyon, fakat bir \u015fekilde keyifsiz ve ama\u00e7s\u0131z hissetmek \u015feklinde tan\u0131mlan\u0131yordu. Bug\u00fcn Cambridge S\u00f6zl\u00fck bu kelimeyi \u201cuzun [&hellip;]\" \/>\n<meta property=\"og:url\" content=\"https:\/\/denizcimerve.com\/tr_tr\/dogru-soyleyeni-mi-depresif-hissedeni-mi-dokuz-koyden-kovuyorlar\/\" \/>\n<meta property=\"og:site_name\" content=\"Merve Denizci Nazl\u0131g\u00fcl\" \/>\n<meta property=\"article:published_time\" content=\"2025-02-15T17:59:19+00:00\" \/>\n<meta property=\"article:modified_time\" content=\"2026-03-10T03:08:52+00:00\" \/>\n<meta property=\"og:image\" content=\"https:\/\/denizcimerve.com\/wp-content\/uploads\/2025\/02\/maxresdefault.jpg\" \/>\n\t<meta property=\"og:image:width\" content=\"1280\" \/>\n\t<meta property=\"og:image:height\" content=\"720\" \/>\n\t<meta property=\"og:image:type\" content=\"image\/jpeg\" \/>\n<meta name=\"author\" content=\"admin\" \/>\n<meta name=\"twitter:card\" content=\"summary_large_image\" \/>\n<meta name=\"twitter:label1\" content=\"Yazan:\" \/>\n\t<meta name=\"twitter:data1\" content=\"admin\" \/>\n\t<meta name=\"twitter:label2\" content=\"Tahmini okuma s\u00fcresi\" \/>\n\t<meta name=\"twitter:data2\" content=\"4 dakika\" \/>\n<script type=\"application\/ld+json\" class=\"yoast-schema-graph\">{\"@context\":\"https:\/\/schema.org\",\"@graph\":[{\"@type\":\"Article\",\"@id\":\"https:\/\/denizcimerve.com\/dogru-soyleyeni-mi-depresif-hissedeni-mi-dokuz-koyden-kovuyorlar\/#article\",\"isPartOf\":{\"@id\":\"https:\/\/denizcimerve.com\/dogru-soyleyeni-mi-depresif-hissedeni-mi-dokuz-koyden-kovuyorlar\/\"},\"author\":{\"name\":\"admin\",\"@id\":\"https:\/\/denizcimerve.com\/#\/schema\/person\/079fe18b4e73d7f643bac44fd00168cd\"},\"headline\":\"DO\u011eRU S\u00d6YLEYEN\u0130 M\u0130 DEPRES\u0130F H\u0130SSEDEN\u0130 M\u0130 DOKUZ K\u00d6YDEN KOVUYORLAR?\",\"datePublished\":\"2025-02-15T17:59:19+00:00\",\"dateModified\":\"2026-03-10T03:08:52+00:00\",\"mainEntityOfPage\":{\"@id\":\"https:\/\/denizcimerve.com\/dogru-soyleyeni-mi-depresif-hissedeni-mi-dokuz-koyden-kovuyorlar\/\"},\"wordCount\":761,\"commentCount\":0,\"publisher\":{\"@id\":\"https:\/\/denizcimerve.com\/#\/schema\/person\/079fe18b4e73d7f643bac44fd00168cd\"},\"image\":{\"@id\":\"https:\/\/denizcimerve.com\/dogru-soyleyeni-mi-depresif-hissedeni-mi-dokuz-koyden-kovuyorlar\/#primaryimage\"},\"thumbnailUrl\":\"https:\/\/denizcimerve.com\/wp-content\/uploads\/2025\/02\/maxresdefault.jpg\",\"keywords\":[\"another round\",\"film analizi\",\"languishing\"],\"articleSection\":[\"Yaz\u0131lar\"],\"inLanguage\":\"tr\",\"potentialAction\":[{\"@type\":\"CommentAction\",\"name\":\"Comment\",\"target\":[\"https:\/\/denizcimerve.com\/dogru-soyleyeni-mi-depresif-hissedeni-mi-dokuz-koyden-kovuyorlar\/#respond\"]}]},{\"@type\":\"WebPage\",\"@id\":\"https:\/\/denizcimerve.com\/dogru-soyleyeni-mi-depresif-hissedeni-mi-dokuz-koyden-kovuyorlar\/\",\"url\":\"https:\/\/denizcimerve.com\/dogru-soyleyeni-mi-depresif-hissedeni-mi-dokuz-koyden-kovuyorlar\/\",\"name\":\"DO\u011eRU S\u00d6YLEYEN\u0130 M\u0130 DEPRES\u0130F H\u0130SSEDEN\u0130 M\u0130 DOKUZ K\u00d6YDEN KOVUYORLAR? - Merve Denizci Nazl\u0131g\u00fcl\",\"isPartOf\":{\"@id\":\"https:\/\/denizcimerve.com\/#website\"},\"primaryImageOfPage\":{\"@id\":\"https:\/\/denizcimerve.com\/dogru-soyleyeni-mi-depresif-hissedeni-mi-dokuz-koyden-kovuyorlar\/#primaryimage\"},\"image\":{\"@id\":\"https:\/\/denizcimerve.com\/dogru-soyleyeni-mi-depresif-hissedeni-mi-dokuz-koyden-kovuyorlar\/#primaryimage\"},\"thumbnailUrl\":\"https:\/\/denizcimerve.com\/wp-content\/uploads\/2025\/02\/maxresdefault.jpg\",\"datePublished\":\"2025-02-15T17:59:19+00:00\",\"dateModified\":\"2026-03-10T03:08:52+00:00\",\"breadcrumb\":{\"@id\":\"https:\/\/denizcimerve.com\/dogru-soyleyeni-mi-depresif-hissedeni-mi-dokuz-koyden-kovuyorlar\/#breadcrumb\"},\"inLanguage\":\"tr\",\"potentialAction\":[{\"@type\":\"ReadAction\",\"target\":[\"https:\/\/denizcimerve.com\/dogru-soyleyeni-mi-depresif-hissedeni-mi-dokuz-koyden-kovuyorlar\/\"]}]},{\"@type\":\"ImageObject\",\"inLanguage\":\"tr\",\"@id\":\"https:\/\/denizcimerve.com\/dogru-soyleyeni-mi-depresif-hissedeni-mi-dokuz-koyden-kovuyorlar\/#primaryimage\",\"url\":\"https:\/\/denizcimerve.com\/wp-content\/uploads\/2025\/02\/maxresdefault.jpg\",\"contentUrl\":\"https:\/\/denizcimerve.com\/wp-content\/uploads\/2025\/02\/maxresdefault.jpg\",\"width\":1280,\"height\":720},{\"@type\":\"BreadcrumbList\",\"@id\":\"https:\/\/denizcimerve.com\/dogru-soyleyeni-mi-depresif-hissedeni-mi-dokuz-koyden-kovuyorlar\/#breadcrumb\",\"itemListElement\":[{\"@type\":\"ListItem\",\"position\":1,\"name\":\"Anasayfa\",\"item\":\"https:\/\/denizcimerve.com\/\"},{\"@type\":\"ListItem\",\"position\":2,\"name\":\"DO\u011eRU S\u00d6YLEYEN\u0130 M\u0130 DEPRES\u0130F H\u0130SSEDEN\u0130 M\u0130 DOKUZ K\u00d6YDEN KOVUYORLAR?\"}]},{\"@type\":\"WebSite\",\"@id\":\"https:\/\/denizcimerve.com\/#website\",\"url\":\"https:\/\/denizcimerve.com\/\",\"name\":\"Merve Denizci Nazl\u0131g\u00fcl\",\"description\":\"\",\"publisher\":{\"@id\":\"https:\/\/denizcimerve.com\/#\/schema\/person\/079fe18b4e73d7f643bac44fd00168cd\"},\"potentialAction\":[{\"@type\":\"SearchAction\",\"target\":{\"@type\":\"EntryPoint\",\"urlTemplate\":\"https:\/\/denizcimerve.com\/?s={search_term_string}\"},\"query-input\":{\"@type\":\"PropertyValueSpecification\",\"valueRequired\":true,\"valueName\":\"search_term_string\"}}],\"inLanguage\":\"tr\"},{\"@type\":[\"Person\",\"Organization\"],\"@id\":\"https:\/\/denizcimerve.com\/#\/schema\/person\/079fe18b4e73d7f643bac44fd00168cd\",\"name\":\"admin\",\"image\":{\"@type\":\"ImageObject\",\"inLanguage\":\"tr\",\"@id\":\"https:\/\/denizcimerve.com\/#\/schema\/person\/image\/\",\"url\":\"https:\/\/denizcimerve.com\/wp-content\/uploads\/2025\/02\/ee.png\",\"contentUrl\":\"https:\/\/denizcimerve.com\/wp-content\/uploads\/2025\/02\/ee.png\",\"width\":583,\"height\":544,\"caption\":\"admin\"},\"logo\":{\"@id\":\"https:\/\/denizcimerve.com\/#\/schema\/person\/image\/\"},\"sameAs\":[\"https:\/\/desteko.com\/mer\"],\"url\":\"https:\/\/denizcimerve.com\/tr_tr\/author\/admin\/\"}]}<\/script>\n<!-- \/ Yoast SEO plugin. -->","yoast_head_json":{"title":"DO\u011eRU S\u00d6YLEYEN\u0130 M\u0130 DEPRES\u0130F H\u0130SSEDEN\u0130 M\u0130 DOKUZ K\u00d6YDEN KOVUYORLAR? - Merve Denizci Nazl\u0131g\u00fcl","robots":{"index":"index","follow":"follow","max-snippet":"max-snippet:-1","max-image-preview":"max-image-preview:large","max-video-preview":"max-video-preview:-1"},"canonical":"https:\/\/denizcimerve.com\/tr_tr\/dogru-soyleyeni-mi-depresif-hissedeni-mi-dokuz-koyden-kovuyorlar\/","og_locale":"tr_TR","og_type":"article","og_title":"DO\u011eRU S\u00d6YLEYEN\u0130 M\u0130 DEPRES\u0130F H\u0130SSEDEN\u0130 M\u0130 DOKUZ K\u00d6YDEN KOVUYORLAR? - Merve Denizci Nazl\u0131g\u00fcl","og_description":"2021 y\u0131l\u0131nda, hen\u00fcz pandemi yakam\u0131zdan d\u00fc\u015fmemi\u015fken, The New York Times\u2019da bir makalede yay\u0131mland\u0131. Bu makalede son zamanlarda insanlar aras\u0131nda s\u0131kl\u0131kla ya\u015fanan yeni bir halden s\u00f6z ediliyordu. \u201cLanguishing\u201d diye isimlendirilen bu yayg\u0131n hal ne tam bir t\u00fckenmi\u015flik ne tam bir depresyon, fakat bir \u015fekilde keyifsiz ve ama\u00e7s\u0131z hissetmek \u015feklinde tan\u0131mlan\u0131yordu. Bug\u00fcn Cambridge S\u00f6zl\u00fck bu kelimeyi \u201cuzun [&hellip;]","og_url":"https:\/\/denizcimerve.com\/tr_tr\/dogru-soyleyeni-mi-depresif-hissedeni-mi-dokuz-koyden-kovuyorlar\/","og_site_name":"Merve Denizci Nazl\u0131g\u00fcl","article_published_time":"2025-02-15T17:59:19+00:00","article_modified_time":"2026-03-10T03:08:52+00:00","og_image":[{"width":1280,"height":720,"url":"https:\/\/denizcimerve.com\/wp-content\/uploads\/2025\/02\/maxresdefault.jpg","type":"image\/jpeg"}],"author":"admin","twitter_card":"summary_large_image","twitter_misc":{"Yazan:":"admin","Tahmini okuma s\u00fcresi":"4 dakika"},"schema":{"@context":"https:\/\/schema.org","@graph":[{"@type":"Article","@id":"https:\/\/denizcimerve.com\/dogru-soyleyeni-mi-depresif-hissedeni-mi-dokuz-koyden-kovuyorlar\/#article","isPartOf":{"@id":"https:\/\/denizcimerve.com\/dogru-soyleyeni-mi-depresif-hissedeni-mi-dokuz-koyden-kovuyorlar\/"},"author":{"name":"admin","@id":"https:\/\/denizcimerve.com\/#\/schema\/person\/079fe18b4e73d7f643bac44fd00168cd"},"headline":"DO\u011eRU S\u00d6YLEYEN\u0130 M\u0130 DEPRES\u0130F H\u0130SSEDEN\u0130 M\u0130 DOKUZ K\u00d6YDEN KOVUYORLAR?","datePublished":"2025-02-15T17:59:19+00:00","dateModified":"2026-03-10T03:08:52+00:00","mainEntityOfPage":{"@id":"https:\/\/denizcimerve.com\/dogru-soyleyeni-mi-depresif-hissedeni-mi-dokuz-koyden-kovuyorlar\/"},"wordCount":761,"commentCount":0,"publisher":{"@id":"https:\/\/denizcimerve.com\/#\/schema\/person\/079fe18b4e73d7f643bac44fd00168cd"},"image":{"@id":"https:\/\/denizcimerve.com\/dogru-soyleyeni-mi-depresif-hissedeni-mi-dokuz-koyden-kovuyorlar\/#primaryimage"},"thumbnailUrl":"https:\/\/denizcimerve.com\/wp-content\/uploads\/2025\/02\/maxresdefault.jpg","keywords":["another round","film analizi","languishing"],"articleSection":["Yaz\u0131lar"],"inLanguage":"tr","potentialAction":[{"@type":"CommentAction","name":"Comment","target":["https:\/\/denizcimerve.com\/dogru-soyleyeni-mi-depresif-hissedeni-mi-dokuz-koyden-kovuyorlar\/#respond"]}]},{"@type":"WebPage","@id":"https:\/\/denizcimerve.com\/dogru-soyleyeni-mi-depresif-hissedeni-mi-dokuz-koyden-kovuyorlar\/","url":"https:\/\/denizcimerve.com\/dogru-soyleyeni-mi-depresif-hissedeni-mi-dokuz-koyden-kovuyorlar\/","name":"DO\u011eRU S\u00d6YLEYEN\u0130 M\u0130 DEPRES\u0130F H\u0130SSEDEN\u0130 M\u0130 DOKUZ K\u00d6YDEN KOVUYORLAR? - Merve Denizci Nazl\u0131g\u00fcl","isPartOf":{"@id":"https:\/\/denizcimerve.com\/#website"},"primaryImageOfPage":{"@id":"https:\/\/denizcimerve.com\/dogru-soyleyeni-mi-depresif-hissedeni-mi-dokuz-koyden-kovuyorlar\/#primaryimage"},"image":{"@id":"https:\/\/denizcimerve.com\/dogru-soyleyeni-mi-depresif-hissedeni-mi-dokuz-koyden-kovuyorlar\/#primaryimage"},"thumbnailUrl":"https:\/\/denizcimerve.com\/wp-content\/uploads\/2025\/02\/maxresdefault.jpg","datePublished":"2025-02-15T17:59:19+00:00","dateModified":"2026-03-10T03:08:52+00:00","breadcrumb":{"@id":"https:\/\/denizcimerve.com\/dogru-soyleyeni-mi-depresif-hissedeni-mi-dokuz-koyden-kovuyorlar\/#breadcrumb"},"inLanguage":"tr","potentialAction":[{"@type":"ReadAction","target":["https:\/\/denizcimerve.com\/dogru-soyleyeni-mi-depresif-hissedeni-mi-dokuz-koyden-kovuyorlar\/"]}]},{"@type":"ImageObject","inLanguage":"tr","@id":"https:\/\/denizcimerve.com\/dogru-soyleyeni-mi-depresif-hissedeni-mi-dokuz-koyden-kovuyorlar\/#primaryimage","url":"https:\/\/denizcimerve.com\/wp-content\/uploads\/2025\/02\/maxresdefault.jpg","contentUrl":"https:\/\/denizcimerve.com\/wp-content\/uploads\/2025\/02\/maxresdefault.jpg","width":1280,"height":720},{"@type":"BreadcrumbList","@id":"https:\/\/denizcimerve.com\/dogru-soyleyeni-mi-depresif-hissedeni-mi-dokuz-koyden-kovuyorlar\/#breadcrumb","itemListElement":[{"@type":"ListItem","position":1,"name":"Anasayfa","item":"https:\/\/denizcimerve.com\/"},{"@type":"ListItem","position":2,"name":"DO\u011eRU S\u00d6YLEYEN\u0130 M\u0130 DEPRES\u0130F H\u0130SSEDEN\u0130 M\u0130 DOKUZ K\u00d6YDEN KOVUYORLAR?"}]},{"@type":"WebSite","@id":"https:\/\/denizcimerve.com\/#website","url":"https:\/\/denizcimerve.com\/","name":"Merve Denizci Nazl\u0131g\u00fcl","description":"","publisher":{"@id":"https:\/\/denizcimerve.com\/#\/schema\/person\/079fe18b4e73d7f643bac44fd00168cd"},"potentialAction":[{"@type":"SearchAction","target":{"@type":"EntryPoint","urlTemplate":"https:\/\/denizcimerve.com\/?s={search_term_string}"},"query-input":{"@type":"PropertyValueSpecification","valueRequired":true,"valueName":"search_term_string"}}],"inLanguage":"tr"},{"@type":["Person","Organization"],"@id":"https:\/\/denizcimerve.com\/#\/schema\/person\/079fe18b4e73d7f643bac44fd00168cd","name":"admin","image":{"@type":"ImageObject","inLanguage":"tr","@id":"https:\/\/denizcimerve.com\/#\/schema\/person\/image\/","url":"https:\/\/denizcimerve.com\/wp-content\/uploads\/2025\/02\/ee.png","contentUrl":"https:\/\/denizcimerve.com\/wp-content\/uploads\/2025\/02\/ee.png","width":583,"height":544,"caption":"admin"},"logo":{"@id":"https:\/\/denizcimerve.com\/#\/schema\/person\/image\/"},"sameAs":["https:\/\/desteko.com\/mer"],"url":"https:\/\/denizcimerve.com\/tr_tr\/author\/admin\/"}]}},"_links":{"self":[{"href":"https:\/\/denizcimerve.com\/tr_tr\/wp-json\/wp\/v2\/posts\/4867","targetHints":{"allow":["GET"]}}],"collection":[{"href":"https:\/\/denizcimerve.com\/tr_tr\/wp-json\/wp\/v2\/posts"}],"about":[{"href":"https:\/\/denizcimerve.com\/tr_tr\/wp-json\/wp\/v2\/types\/post"}],"author":[{"embeddable":true,"href":"https:\/\/denizcimerve.com\/tr_tr\/wp-json\/wp\/v2\/users\/1"}],"replies":[{"embeddable":true,"href":"https:\/\/denizcimerve.com\/tr_tr\/wp-json\/wp\/v2\/comments?post=4867"}],"version-history":[{"count":3,"href":"https:\/\/denizcimerve.com\/tr_tr\/wp-json\/wp\/v2\/posts\/4867\/revisions"}],"predecessor-version":[{"id":5027,"href":"https:\/\/denizcimerve.com\/tr_tr\/wp-json\/wp\/v2\/posts\/4867\/revisions\/5027"}],"wp:featuredmedia":[{"embeddable":true,"href":"https:\/\/denizcimerve.com\/tr_tr\/wp-json\/wp\/v2\/media\/4868"}],"wp:attachment":[{"href":"https:\/\/denizcimerve.com\/tr_tr\/wp-json\/wp\/v2\/media?parent=4867"}],"wp:term":[{"taxonomy":"category","embeddable":true,"href":"https:\/\/denizcimerve.com\/tr_tr\/wp-json\/wp\/v2\/categories?post=4867"},{"taxonomy":"post_tag","embeddable":true,"href":"https:\/\/denizcimerve.com\/tr_tr\/wp-json\/wp\/v2\/tags?post=4867"}],"curies":[{"name":"wp","href":"https:\/\/api.w.org\/{rel}","templated":true}]}}